{"id":12087,"date":"2026-04-21T14:48:01","date_gmt":"2026-04-21T12:48:01","guid":{"rendered":"https:\/\/biblioteka.laziska.pl\/?p=12087"},"modified":"2026-04-21T14:48:50","modified_gmt":"2026-04-21T12:48:50","slug":"opowiesci-z-biblioteki","status":"publish","type":"post","link":"https:\/\/biblioteka.laziska.pl\/index.php\/2026\/04\/21\/opowiesci-z-biblioteki\/","title":{"rendered":"Opowie\u015bci z Biblioteki"},"content":{"rendered":"\n<p>Z okazji Tygodnia bibliotek w maju zapraszamy dzieci na teatrzyk &#8222;Opowie\u015bci z Biblioteki&#8221;. Spektakl odb\u0119dzie si\u0119 12 maja w dw\u00f3ch lokalizacjach:<\/p>\n\n\n\n<ul>\n<li>Filia nr 1 w \u0141aziskach \u015arednich, godzina 16:30<\/li>\n\n\n\n<li>Centrala w \u0141aziskach G\u00f3rnych, godzina 17:45<\/li>\n<\/ul>\n\n\n\n<p>Bezp\u0142atne wej\u015bci\u00f3wki s\u0105 ju\u017c do odbioru w obu miejscach. Mo\u017cna si\u0119 zapisywa\u0107 osobi\u015bcie lub telefonicznie (Centrala &#8211; tel. 798 764 093, Filia nr 1 &#8211; tel. 500 158 470).<\/p>\n","protected":false},"excerpt":{"rendered":"<p>Z okazji Tygodnia bibliotek w maju zapraszamy dzieci na teatrzyk &#8222;Opowie\u015bci z Biblioteki&#8221;. Spektakl odb\u0119dzie si\u0119 12 maja w dw\u00f3ch lokalizacjach:<br \/>\n&#8211; Filia nr 1 w \u0141aziskach \u015arednich, godzina 16:30<br \/>\n&#8211; Centrala w \u0141aziskach G\u00f3rnych, godzina 17:45<\/p>\n","protected":false},"author":3,"featured_media":12088,"comment_status":"closed","ping_status":"closed","sticky":false,"template":"","format":"standard","meta":{"ngg_post_thumbnail":0},"categories":[6],"tags":[],"_links":{"self":[{"href":"https:\/\/biblioteka.laziska.pl\/index.php\/wp-json\/wp\/v2\/posts\/12087"}],"collection":[{"href":"https:\/\/biblioteka.laziska.pl\/index.php\/wp-json\/wp\/v2\/posts"}],"about":[{"href":"https:\/\/biblioteka.laziska.pl\/index.php\/wp-json\/wp\/v2\/types\/post"}],"author":[{"embeddable":true,"href":"https:\/\/biblioteka.laziska.pl\/index.php\/wp-json\/wp\/v2\/users\/3"}],"replies":[{"embeddable":true,"href":"https:\/\/biblioteka.laziska.pl\/index.php\/wp-json\/wp\/v2\/comments?post=12087"}],"version-history":[{"count":2,"href":"https:\/\/biblioteka.laziska.pl\/index.php\/wp-json\/wp\/v2\/posts\/12087\/revisions"}],"predecessor-version":[{"id":12091,"href":"https:\/\/biblioteka.laziska.pl\/index.php\/wp-json\/wp\/v2\/posts\/12087\/revisions\/12091"}],"wp:featuredmedia":[{"embeddable":true,"href":"https:\/\/biblioteka.laziska.pl\/index.php\/wp-json\/wp\/v2\/media\/12088"}],"wp:attachment":[{"href":"https:\/\/biblioteka.laziska.pl\/index.php\/wp-json\/wp\/v2\/media?parent=12087"}],"wp:term":[{"taxonomy":"category","embeddable":true,"href":"https:\/\/biblioteka.laziska.pl\/index.php\/wp-json\/wp\/v2\/categories?post=12087"},{"taxonomy":"post_tag","embeddable":true,"href":"https:\/\/biblioteka.laziska.pl\/index.php\/wp-json\/wp\/v2\/tags?post=12087"}],"curies":[{"name":"wp","href":"https:\/\/api.w.org\/{rel}","templated":true}]}}