{"id":1783,"date":"2022-03-22T15:47:47","date_gmt":"2022-03-22T14:47:47","guid":{"rendered":"http:\/\/biblioteka.laziska.pl\/?p=1783"},"modified":"2022-04-07T11:23:27","modified_gmt":"2022-04-07T09:23:27","slug":"spotkanie-autorskie","status":"publish","type":"post","link":"https:\/\/biblioteka.laziska.pl\/index.php\/2022\/03\/22\/spotkanie-autorskie\/","title":{"rendered":"Spotkanie autorskie"},"content":{"rendered":"\n<p>Zapraszamy na spotkanie autorskie z Ann\u0105 Wojtkowsk\u0105-Witala!<\/p>\n\n\n\n<figure class=\"wp-block-image size-large is-resized\"><img decoding=\"async\" loading=\"lazy\" src=\"http:\/\/biblioteka.laziska.pl\/wp-content\/uploads\/2022\/03\/Wojtkowska-Witala_1-724x1024.png\" alt=\"Plakat - spotkanie autorskie z Ann\u0105 Wojtkowsk\u0105-Witala, 5 kwietnia 2022, godz. 17\" class=\"wp-image-1741\" width=\"543\" height=\"768\" srcset=\"https:\/\/biblioteka.laziska.pl\/wp-content\/uploads\/2022\/03\/Wojtkowska-Witala_1-724x1024.png 724w, https:\/\/biblioteka.laziska.pl\/wp-content\/uploads\/2022\/03\/Wojtkowska-Witala_1-212x300.png 212w, https:\/\/biblioteka.laziska.pl\/wp-content\/uploads\/2022\/03\/Wojtkowska-Witala_1-768x1086.png 768w, https:\/\/biblioteka.laziska.pl\/wp-content\/uploads\/2022\/03\/Wojtkowska-Witala_1-1086x1536.png 1086w, https:\/\/biblioteka.laziska.pl\/wp-content\/uploads\/2022\/03\/Wojtkowska-Witala_1.png 1131w\" sizes=\"(max-width: 543px) 100vw, 543px\" \/><\/figure>\n\n\n\n<p>Pochodz\u0105ca z Miko\u0142owa pisarka zadebiutowa\u0142a w 2009 roku, wydaj\u0105c ksi\u0105\u017ck\u0119 dla dzieci \u201eBasia Urwiska\u201d. W 2020 ukaza\u0142a si\u0119 jej powie\u015b\u0107 obyczajowa \u201eZapach makadamii\u201d, a rok p\u00f3\u017aniej &#8211; \u201eOdnale\u017a\u0107 marzenia\u201d. Jest r\u00f3wnie\u017c autork\u0105 jednoakt\u00f3wek w j\u0119zyku \u015bl\u0105skim (m.in. nagrodzona sztuka \u201eSonsiady=Nachbarn\u201d) i scenariuszy filmowych.<\/p>\n\n\n\n<p>W naszej bibliotece go\u015bci\u0107 b\u0119dzie dwa razy:<\/p>\n\n\n\n<ul><li>5 kwietnia o godz. 17:00 w centrali biblioteki (ul. \u015bw. Jana Paw\u0142a II 1)<\/li><li>12 kwietnia o godz. 17:00 w Filii nr 1 (ul. Wyszy\u0144skiego 8)<\/li><\/ul>\n\n\n\n<p>Serdecznie zapraszamy!<\/p>\n\n\n\n<p><\/p>\n","protected":false},"excerpt":{"rendered":"<p>Zapraszamy na spotkanie autorskie z Ann\u0105 Wojtkowsk\u0105-Witala &#8211; 5 kwietnia, godz. 17:00<\/p>\n","protected":false},"author":3,"featured_media":1741,"comment_status":"closed","ping_status":"closed","sticky":false,"template":"","format":"standard","meta":{"ngg_post_thumbnail":0},"categories":[4],"tags":[],"_links":{"self":[{"href":"https:\/\/biblioteka.laziska.pl\/index.php\/wp-json\/wp\/v2\/posts\/1783"}],"collection":[{"href":"https:\/\/biblioteka.laziska.pl\/index.php\/wp-json\/wp\/v2\/posts"}],"about":[{"href":"https:\/\/biblioteka.laziska.pl\/index.php\/wp-json\/wp\/v2\/types\/post"}],"author":[{"embeddable":true,"href":"https:\/\/biblioteka.laziska.pl\/index.php\/wp-json\/wp\/v2\/users\/3"}],"replies":[{"embeddable":true,"href":"https:\/\/biblioteka.laziska.pl\/index.php\/wp-json\/wp\/v2\/comments?post=1783"}],"version-history":[{"count":2,"href":"https:\/\/biblioteka.laziska.pl\/index.php\/wp-json\/wp\/v2\/posts\/1783\/revisions"}],"predecessor-version":[{"id":1787,"href":"https:\/\/biblioteka.laziska.pl\/index.php\/wp-json\/wp\/v2\/posts\/1783\/revisions\/1787"}],"wp:featuredmedia":[{"embeddable":true,"href":"https:\/\/biblioteka.laziska.pl\/index.php\/wp-json\/wp\/v2\/media\/1741"}],"wp:attachment":[{"href":"https:\/\/biblioteka.laziska.pl\/index.php\/wp-json\/wp\/v2\/media?parent=1783"}],"wp:term":[{"taxonomy":"category","embeddable":true,"href":"https:\/\/biblioteka.laziska.pl\/index.php\/wp-json\/wp\/v2\/categories?post=1783"},{"taxonomy":"post_tag","embeddable":true,"href":"https:\/\/biblioteka.laziska.pl\/index.php\/wp-json\/wp\/v2\/tags?post=1783"}],"curies":[{"name":"wp","href":"https:\/\/api.w.org\/{rel}","templated":true}]}}