{"id":1935,"date":"2022-04-15T11:13:56","date_gmt":"2022-04-15T09:13:56","guid":{"rendered":"http:\/\/biblioteka.laziska.pl\/?p=1935"},"modified":"2022-04-15T11:17:43","modified_gmt":"2022-04-15T09:17:43","slug":"spotkania-z-anna-wojtkowska-witala","status":"publish","type":"post","link":"https:\/\/biblioteka.laziska.pl\/index.php\/2022\/04\/15\/spotkania-z-anna-wojtkowska-witala\/","title":{"rendered":"Spotkania z Ann\u0105 Wojtkowsk\u0105-Witala"},"content":{"rendered":"\n<p>Dwa razy w tym miesi\u0105cu mieli\u015bmy mo\u017cliwo\u015b\u0107 spotkania si\u0119 z pani\u0105 Ann\u0105 Wojtkowsk\u0105-Witala: 5 kwietnia w Centrali biblioteki i 12 kwietnia w Filii nr 1.<\/p>\n\n\n\n<p>Dzi\u0119kujemy za mi\u0142e i inspiruj\u0105ce spotkania, na kt\u00f3rych dowiedzieli\u015bmy si\u0119 o ksi\u0105\u017ckach, pasjach i planach na przysz\u0142o\u015b\u0107. Niecierpliwie czekamy na now\u0105 ksi\u0105\u017ck\u0119!<\/p>\n\n\n\n<figure class=\"wp-block-image size-large is-resized\"><img decoding=\"async\" loading=\"lazy\" src=\"http:\/\/biblioteka.laziska.pl\/wp-content\/uploads\/2022\/04\/Spotkania-autorskie-z-Anna-Wojtkowska-Witala-1024x819.png\" alt=\"Kola\u017c zdj\u0119\u0107 ze spotkania z Ann\u0105 Wojtkowsk\u0105-Witala\" class=\"wp-image-1937\" width=\"512\" height=\"410\" srcset=\"https:\/\/biblioteka.laziska.pl\/wp-content\/uploads\/2022\/04\/Spotkania-autorskie-z-Anna-Wojtkowska-Witala-1024x819.png 1024w, https:\/\/biblioteka.laziska.pl\/wp-content\/uploads\/2022\/04\/Spotkania-autorskie-z-Anna-Wojtkowska-Witala-300x240.png 300w, https:\/\/biblioteka.laziska.pl\/wp-content\/uploads\/2022\/04\/Spotkania-autorskie-z-Anna-Wojtkowska-Witala-768x614.png 768w, https:\/\/biblioteka.laziska.pl\/wp-content\/uploads\/2022\/04\/Spotkania-autorskie-z-Anna-Wojtkowska-Witala-1536x1229.png 1536w, https:\/\/biblioteka.laziska.pl\/wp-content\/uploads\/2022\/04\/Spotkania-autorskie-z-Anna-Wojtkowska-Witala.png 2000w\" sizes=\"(max-width: 512px) 100vw, 512px\" \/><\/figure>\n\n\n\n<p>Wi\u0119cej zdj\u0119\u0107 <a href=\"http:\/\/biblioteka.laziska.pl\/index.php\/spotkania-autorskie\/nggallery\/spotkania-autorskie-1\/spotkanie-z-anna-wojtkowska-witala\">w galerii<\/a>.<\/p>\n","protected":false},"excerpt":{"rendered":"<p>Dwa razy w tym miesi\u0105cu mieli\u015bmy mo\u017cliwo\u015b\u0107 spotkania si\u0119 z pani\u0105 Ann\u0105 Wojtkowsk\u0105-Witala: 5 kwietnia w Centrali biblioteki i 12 kwietnia w Filii nr 1.<br \/>\nDzi\u0119kujemy za mi\u0142e i inspiruj\u0105ce spotkania, na kt\u00f3rych dowiedzieli\u015bmy si\u0119 o ksi\u0105\u017ckach, pasjach i planach na przysz\u0142o\u015b\u0107. Niecierpliwie czekamy na now\u0105 ksi\u0105\u017ck\u0119!<\/p>\n","protected":false},"author":3,"featured_media":1937,"comment_status":"closed","ping_status":"closed","sticky":false,"template":"","format":"standard","meta":{"ngg_post_thumbnail":0},"categories":[2],"tags":[],"_links":{"self":[{"href":"https:\/\/biblioteka.laziska.pl\/index.php\/wp-json\/wp\/v2\/posts\/1935"}],"collection":[{"href":"https:\/\/biblioteka.laziska.pl\/index.php\/wp-json\/wp\/v2\/posts"}],"about":[{"href":"https:\/\/biblioteka.laziska.pl\/index.php\/wp-json\/wp\/v2\/types\/post"}],"author":[{"embeddable":true,"href":"https:\/\/biblioteka.laziska.pl\/index.php\/wp-json\/wp\/v2\/users\/3"}],"replies":[{"embeddable":true,"href":"https:\/\/biblioteka.laziska.pl\/index.php\/wp-json\/wp\/v2\/comments?post=1935"}],"version-history":[{"count":4,"href":"https:\/\/biblioteka.laziska.pl\/index.php\/wp-json\/wp\/v2\/posts\/1935\/revisions"}],"predecessor-version":[{"id":1942,"href":"https:\/\/biblioteka.laziska.pl\/index.php\/wp-json\/wp\/v2\/posts\/1935\/revisions\/1942"}],"wp:featuredmedia":[{"embeddable":true,"href":"https:\/\/biblioteka.laziska.pl\/index.php\/wp-json\/wp\/v2\/media\/1937"}],"wp:attachment":[{"href":"https:\/\/biblioteka.laziska.pl\/index.php\/wp-json\/wp\/v2\/media?parent=1935"}],"wp:term":[{"taxonomy":"category","embeddable":true,"href":"https:\/\/biblioteka.laziska.pl\/index.php\/wp-json\/wp\/v2\/categories?post=1935"},{"taxonomy":"post_tag","embeddable":true,"href":"https:\/\/biblioteka.laziska.pl\/index.php\/wp-json\/wp\/v2\/tags?post=1935"}],"curies":[{"name":"wp","href":"https:\/\/api.w.org\/{rel}","templated":true}]}}