{"id":2487,"date":"2022-06-20T13:36:13","date_gmt":"2022-06-20T11:36:13","guid":{"rendered":"http:\/\/biblioteka.laziska.pl\/?p=2487"},"modified":"2022-07-05T15:53:29","modified_gmt":"2022-07-05T13:53:29","slug":"wakacje-z-biblioteka","status":"publish","type":"post","link":"https:\/\/biblioteka.laziska.pl\/index.php\/2022\/06\/20\/wakacje-z-biblioteka\/","title":{"rendered":"Wakacje z Bibliotek\u0105"},"content":{"rendered":"\n<p>Wakacje z Bibliotek\u0105&#8230; B\u0119dzie si\u0119 dzia\u0142o! Do zobaczenia niebawem\u2026<\/p>\n\n\n\n<figure class=\"wp-block-image size-large is-resized\"><img decoding=\"async\" loading=\"lazy\" src=\"http:\/\/biblioteka.laziska.pl\/wp-content\/uploads\/2022\/06\/Wakacje2022-724x1024.png\" alt=\"Plakat akcji Wakacje z Bibliotek\u0105\" class=\"wp-image-2501\" width=\"543\" height=\"768\" srcset=\"https:\/\/biblioteka.laziska.pl\/wp-content\/uploads\/2022\/06\/Wakacje2022-724x1024.png 724w, https:\/\/biblioteka.laziska.pl\/wp-content\/uploads\/2022\/06\/Wakacje2022-212x300.png 212w, https:\/\/biblioteka.laziska.pl\/wp-content\/uploads\/2022\/06\/Wakacje2022-768x1086.png 768w, https:\/\/biblioteka.laziska.pl\/wp-content\/uploads\/2022\/06\/Wakacje2022-1086x1536.png 1086w, https:\/\/biblioteka.laziska.pl\/wp-content\/uploads\/2022\/06\/Wakacje2022-1448x2048.png 1448w, https:\/\/biblioteka.laziska.pl\/wp-content\/uploads\/2022\/06\/Wakacje2022.png 1587w\" sizes=\"(max-width: 543px) 100vw, 543px\" \/><\/figure>\n\n\n\n<p>Centrala (ul. \u015awi\u0119tego Jana Paw\u0142a II 1)<br>LIPIEC:<br>11.07 &#8211; 15.07 &#8222;Baw si\u0119 i graj \u2013 tydzie\u0144 z plansz\u00f3wkami&#8221;, godz. 10.00-13.00<br>18.07 \u2013 22.07 &#8222;India\u0144skie lato&#8221; (zamieniamy Bibliotek\u0119 w India\u0144sk\u0105 wiosk\u0119 \u2013 atrakcje jak dla Indian przysta\u0142o), godz.10.00-13.00<br>SIERPIE\u0143:<br>16.08-19.08 &#8222;Baw si\u0119 i graj \u2013 tydzie\u0144 z plansz\u00f3wkami&#8221;, godz. 10.00-13.00<br>22.08 \u2013 26.08 &#8222;Tropami natury&#8221; (edukacja outdoorowa &#8211; survival, ekologia, przyroda), godz.10.00-13.00<br>KINO \u2013 lipiec-sierpie\u0144 w ka\u017cdy wtorek i czwartek, godz. 11.00<br><\/p>\n\n\n\n<p>Filia nr 1 (ul. Wyszy\u0144skiego 8)<br>LIPIEC:<br>18.07 \u2013 22.07 &#8222;Nasi przyjaciele z las\u00f3w i ogrod\u00f3w&#8221; &#8211; zaj\u0119cia plastyczne i warsztaty ekologiczne, godz. 11.00 -13.00<br>SIERPIE\u0143:<br>8.08 \u2013 12.08 &#8222;Rusz g\u0142ow\u0105 &#8211; \u0142amig\u0142\u00f3wki, gry i testy dla spryciarzy&#8221;, godz.11.00-13.00<br><\/p>\n\n\n\n<p>Ponadto wsp\u00f3lnie z MOSiR \u0141aziska G\u00f3rne:<br>Na 12 lipca zaplanowany zosta\u0142 pierwszy Rajd G\u00f3rski dla Dzieci \u2013 \u201eZ ksi\u0105\u017ck\u0105 w plecaku\u201d, kt\u00f3ry wsp\u00f3\u0142organizowany b\u0119dzie z Miejskim O\u015brodkiem Sportu i Rekreacji, poniewa\u017c po\u0142\u0105czymy w tym dniu dwie pasje \u2013 g\u00f3ry i ksi\u0105\u017cki. Czy tak si\u0119 da? Oczywi\u015bcie!<br>22.08 \u2013 26.08 wsp\u00f3lnie z Miejskim O\u015brodkiem Sportu i Rekreacji zapraszamy na II Turniej e-Sportowy<br><\/p>\n\n\n\n<p>Szczeg\u00f3\u0142y wszystkich wydarze\u0144 ju\u017c wkr\u00f3tce na plakatach, stronie www.biblioteka.laziska.pl oraz na fb MBP.<br>Zapisy &#8211; od 1 lipca!<br>Serdecznie zapraszamy!<\/p>\n","protected":false},"excerpt":{"rendered":"<p>Wakacje z Bibliotek\u0105&#8230; B\u0119dzie si\u0119 dzia\u0142o!<br \/>\nSzczeg\u00f3\u0142y ju\u017c wkr\u00f3tce.<br \/>\nZapisy &#8211; od 1 lipca!<br \/>\nSerdecznie zapraszamy!<\/p>\n","protected":false},"author":3,"featured_media":2501,"comment_status":"closed","ping_status":"closed","sticky":false,"template":"","format":"standard","meta":{"ngg_post_thumbnail":0},"categories":[11],"tags":[],"_links":{"self":[{"href":"https:\/\/biblioteka.laziska.pl\/index.php\/wp-json\/wp\/v2\/posts\/2487"}],"collection":[{"href":"https:\/\/biblioteka.laziska.pl\/index.php\/wp-json\/wp\/v2\/posts"}],"about":[{"href":"https:\/\/biblioteka.laziska.pl\/index.php\/wp-json\/wp\/v2\/types\/post"}],"author":[{"embeddable":true,"href":"https:\/\/biblioteka.laziska.pl\/index.php\/wp-json\/wp\/v2\/users\/3"}],"replies":[{"embeddable":true,"href":"https:\/\/biblioteka.laziska.pl\/index.php\/wp-json\/wp\/v2\/comments?post=2487"}],"version-history":[{"count":4,"href":"https:\/\/biblioteka.laziska.pl\/index.php\/wp-json\/wp\/v2\/posts\/2487\/revisions"}],"predecessor-version":[{"id":2504,"href":"https:\/\/biblioteka.laziska.pl\/index.php\/wp-json\/wp\/v2\/posts\/2487\/revisions\/2504"}],"wp:featuredmedia":[{"embeddable":true,"href":"https:\/\/biblioteka.laziska.pl\/index.php\/wp-json\/wp\/v2\/media\/2501"}],"wp:attachment":[{"href":"https:\/\/biblioteka.laziska.pl\/index.php\/wp-json\/wp\/v2\/media?parent=2487"}],"wp:term":[{"taxonomy":"category","embeddable":true,"href":"https:\/\/biblioteka.laziska.pl\/index.php\/wp-json\/wp\/v2\/categories?post=2487"},{"taxonomy":"post_tag","embeddable":true,"href":"https:\/\/biblioteka.laziska.pl\/index.php\/wp-json\/wp\/v2\/tags?post=2487"}],"curies":[{"name":"wp","href":"https:\/\/api.w.org\/{rel}","templated":true}]}}