{"id":4726,"date":"2023-07-07T10:11:07","date_gmt":"2023-07-07T08:11:07","guid":{"rendered":"http:\/\/biblioteka.laziska.pl\/?p=4726"},"modified":"2023-07-07T10:15:19","modified_gmt":"2023-07-07T08:15:19","slug":"stop-hejt","status":"publish","type":"post","link":"https:\/\/biblioteka.laziska.pl\/index.php\/2023\/07\/07\/stop-hejt\/","title":{"rendered":"STOP hejt"},"content":{"rendered":"\n<p>Serdecznie zapraszamy m\u0142odzie\u017c w wieku 14-19 lat na warsztaty \u201eStop hejt \u2013 wybierz j\u0119zyk bez przemocy\u201d.<br>14 lipca wsp\u00f3lnie z fundacj\u0105 Agere Aude i ekspertami spotkamy si\u0119, aby dyskutowa\u0107 o tym:<\/p>\n\n\n\n<ul>\n<li>jak budowa\u0107 spo\u0142ecze\u0144stwo w\u0142\u0105czaj\u0105ce,<\/li>\n\n\n\n<li>jak przeciwdzia\u0142a\u0107 agresji s\u0142ownej w spo\u0142ecze\u0144stwie<\/li>\n\n\n\n<li>oraz spr\u00f3bujemy wsp\u00f3lnie przygotowa\u0107 kampani\u0119 spo\u0142eczn\u0105 \u201eStop hejt \u2013 wybierz j\u0119zyk bez przemocy\u201d.<\/li>\n<\/ul>\n\n\n\n<p>Zapraszamy &#8211; godz. 9:00 do 13:00.<br>Udzia\u0142 bezp\u0142atny.<\/p>\n\n\n<div class=\"wp-block-image\">\n<figure class=\"aligncenter size-large is-resized\"><img decoding=\"async\" loading=\"lazy\" src=\"http:\/\/biblioteka.laziska.pl\/wp-content\/uploads\/2023\/07\/1-724x1024.png\" alt=\"Plan warsztat\u00f3w STOP hejt\" class=\"wp-image-4727\" width=\"543\" height=\"768\" srcset=\"https:\/\/biblioteka.laziska.pl\/wp-content\/uploads\/2023\/07\/1-724x1024.png 724w, https:\/\/biblioteka.laziska.pl\/wp-content\/uploads\/2023\/07\/1-212x300.png 212w, https:\/\/biblioteka.laziska.pl\/wp-content\/uploads\/2023\/07\/1-768x1086.png 768w, https:\/\/biblioteka.laziska.pl\/wp-content\/uploads\/2023\/07\/1-1086x1536.png 1086w, https:\/\/biblioteka.laziska.pl\/wp-content\/uploads\/2023\/07\/1-1448x2048.png 1448w, https:\/\/biblioteka.laziska.pl\/wp-content\/uploads\/2023\/07\/1.png 1587w\" sizes=\"(max-width: 543px) 100vw, 543px\" \/><\/figure><\/div>","protected":false},"excerpt":{"rendered":"<p>Serdecznie zapraszamy m\u0142odzie\u017c w wieku 14-19 lat na warsztaty \u201eStop hejt \u2013 wybierz j\u0119zyk bez przemocy\u201d &#8211;<br \/>\n14 lipca, godz. 9:00-13:00.<\/p>\n","protected":false},"author":3,"featured_media":4728,"comment_status":"closed","ping_status":"closed","sticky":false,"template":"","format":"standard","meta":{"ngg_post_thumbnail":0},"categories":[20],"tags":[],"_links":{"self":[{"href":"https:\/\/biblioteka.laziska.pl\/index.php\/wp-json\/wp\/v2\/posts\/4726"}],"collection":[{"href":"https:\/\/biblioteka.laziska.pl\/index.php\/wp-json\/wp\/v2\/posts"}],"about":[{"href":"https:\/\/biblioteka.laziska.pl\/index.php\/wp-json\/wp\/v2\/types\/post"}],"author":[{"embeddable":true,"href":"https:\/\/biblioteka.laziska.pl\/index.php\/wp-json\/wp\/v2\/users\/3"}],"replies":[{"embeddable":true,"href":"https:\/\/biblioteka.laziska.pl\/index.php\/wp-json\/wp\/v2\/comments?post=4726"}],"version-history":[{"count":3,"href":"https:\/\/biblioteka.laziska.pl\/index.php\/wp-json\/wp\/v2\/posts\/4726\/revisions"}],"predecessor-version":[{"id":4732,"href":"https:\/\/biblioteka.laziska.pl\/index.php\/wp-json\/wp\/v2\/posts\/4726\/revisions\/4732"}],"wp:featuredmedia":[{"embeddable":true,"href":"https:\/\/biblioteka.laziska.pl\/index.php\/wp-json\/wp\/v2\/media\/4728"}],"wp:attachment":[{"href":"https:\/\/biblioteka.laziska.pl\/index.php\/wp-json\/wp\/v2\/media?parent=4726"}],"wp:term":[{"taxonomy":"category","embeddable":true,"href":"https:\/\/biblioteka.laziska.pl\/index.php\/wp-json\/wp\/v2\/categories?post=4726"},{"taxonomy":"post_tag","embeddable":true,"href":"https:\/\/biblioteka.laziska.pl\/index.php\/wp-json\/wp\/v2\/tags?post=4726"}],"curies":[{"name":"wp","href":"https:\/\/api.w.org\/{rel}","templated":true}]}}