{"id":6008,"date":"2024-03-15T10:54:30","date_gmt":"2024-03-15T09:54:30","guid":{"rendered":"https:\/\/biblioteka.laziska.pl\/?p=6008"},"modified":"2024-03-15T10:55:05","modified_gmt":"2024-03-15T09:55:05","slug":"zajecia-umuzykalniajace-dla-dzieci","status":"publish","type":"post","link":"https:\/\/biblioteka.laziska.pl\/index.php\/2024\/03\/15\/zajecia-umuzykalniajace-dla-dzieci\/","title":{"rendered":"Zaj\u0119cia umuzykalniaj\u0105ce dla dzieci"},"content":{"rendered":"\n<p>Edukacja muzyczna ma bardzo pozytywny wp\u0142yw na dziecko, jest niezwykle rozwijaj\u0105ca<br>i fascynuj\u0105ca! Od marca zapraszamy na bezp\u0142atne zaj\u0119cia dla dzieci! Zabawy muzyczno-ruchowe z elementami rytmiki, kszta\u0142cenia s\u0142uchu, rozwijaj\u0105ce pami\u0119\u0107 i koncentracj\u0119 oraz koordynacj\u0119 ruchow\u0105 i umiej\u0119tno\u015b\u0107 pracy w grupie.<\/p>\n\n\n\n<p>Zapraszamy na zaj\u0119cia, kt\u00f3re przede wszystkim b\u0119d\u0105 \u017ar\u00f3d\u0142em prawdziwej rado\u015bci, a tak\u017ce pomog\u0105 pozna\u0107, zrozumie\u0107 i pokocha\u0107 MUZYK\u0118.<\/p>\n\n\n\n<p>Proponujemy Pa\u0144stwu zaj\u0119cia w 2 grupach wiekowych:<\/p>\n\n\n\n<ul>\n<li>4-6 lat (60 min.)<\/li>\n\n\n\n<li>7-9 lat (60 min.)<\/li>\n<\/ul>\n\n\n\n<p>Pierwsze zaj\u0119cia odb\u0119d\u0105 si\u0119 w sobot\u0119 &#8211; 23 marca.<br>Liczba miejsc ograniczona &#8211; obowi\u0105zuj\u0105 zapisy w Punkcie Centralnym Biblioteki!<\/p>\n\n\n\n<p>Prowadz\u0105ca: Ma\u0142gorzata Szolc.<br>Zawodowo spe\u0142niam si\u0119 jako nauczyciel edukacji wczesnoszkolnej. Jestem absolwentk\u0105 studi\u00f3w podyplomowych z zakresu edukacji muzycznej i plastycznej po kursach z muzykoterapii.<br>W swojej pracy korzysta z kreatywnych metod nauczania, g\u0142\u00f3wnie w oparciu o muzyk\u0119 i ruch. Do ka\u017cdej \u017cyciowej inicjatywy podchodzi z ogromnym zaanga\u017cowaniem i energi\u0105. Jej zdaniem wsp\u00f3lne muzykowanie s\u0142u\u017cy rozwojowi emocjonalno-spo\u0142ecznemu, dlatego podczas prowadzenia zaj\u0119\u0107 przede wszystkim dba o przyjazn\u0105 atmosfer\u0119.<\/p>\n","protected":false},"excerpt":{"rendered":"<p>Edukacja muzyczna ma bardzo pozytywny wp\u0142yw na dziecko, jest niezwykle rozwijaj\u0105ca<br \/>\ni fascynuj\u0105ca! Od marca zapraszamy na bezp\u0142atne zaj\u0119cia dla dzieci! Zabawy muzyczno-ruchowe z elementami rytmiki, kszta\u0142cenia s\u0142uchu, rozwijaj\u0105ce pami\u0119\u0107 i koncentracj\u0119 oraz koordynacj\u0119 ruchow\u0105 i umiej\u0119tno\u015b\u0107 pracy w grupie.<\/p>\n<p>Pierwsze zaj\u0119cia odb\u0119d\u0105 si\u0119 w sobot\u0119 &#8211; 23 marca.<br \/>\nLiczba miejsc ograniczona &#8211; obowi\u0105zuj\u0105 zapisy w Punkcie Centralnym Biblioteki!<\/p>\n","protected":false},"author":3,"featured_media":6009,"comment_status":"closed","ping_status":"closed","sticky":false,"template":"","format":"standard","meta":{"ngg_post_thumbnail":0},"categories":[11,20],"tags":[],"_links":{"self":[{"href":"https:\/\/biblioteka.laziska.pl\/index.php\/wp-json\/wp\/v2\/posts\/6008"}],"collection":[{"href":"https:\/\/biblioteka.laziska.pl\/index.php\/wp-json\/wp\/v2\/posts"}],"about":[{"href":"https:\/\/biblioteka.laziska.pl\/index.php\/wp-json\/wp\/v2\/types\/post"}],"author":[{"embeddable":true,"href":"https:\/\/biblioteka.laziska.pl\/index.php\/wp-json\/wp\/v2\/users\/3"}],"replies":[{"embeddable":true,"href":"https:\/\/biblioteka.laziska.pl\/index.php\/wp-json\/wp\/v2\/comments?post=6008"}],"version-history":[{"count":1,"href":"https:\/\/biblioteka.laziska.pl\/index.php\/wp-json\/wp\/v2\/posts\/6008\/revisions"}],"predecessor-version":[{"id":6010,"href":"https:\/\/biblioteka.laziska.pl\/index.php\/wp-json\/wp\/v2\/posts\/6008\/revisions\/6010"}],"wp:featuredmedia":[{"embeddable":true,"href":"https:\/\/biblioteka.laziska.pl\/index.php\/wp-json\/wp\/v2\/media\/6009"}],"wp:attachment":[{"href":"https:\/\/biblioteka.laziska.pl\/index.php\/wp-json\/wp\/v2\/media?parent=6008"}],"wp:term":[{"taxonomy":"category","embeddable":true,"href":"https:\/\/biblioteka.laziska.pl\/index.php\/wp-json\/wp\/v2\/categories?post=6008"},{"taxonomy":"post_tag","embeddable":true,"href":"https:\/\/biblioteka.laziska.pl\/index.php\/wp-json\/wp\/v2\/tags?post=6008"}],"curies":[{"name":"wp","href":"https:\/\/api.w.org\/{rel}","templated":true}]}}