{"id":6861,"date":"2024-08-22T14:22:00","date_gmt":"2024-08-22T12:22:00","guid":{"rendered":"https:\/\/biblioteka.laziska.pl\/?p=6861"},"modified":"2024-08-22T14:25:05","modified_gmt":"2024-08-22T12:25:05","slug":"pozegnanie-wakacji-z-biblioteka","status":"publish","type":"post","link":"https:\/\/biblioteka.laziska.pl\/index.php\/2024\/08\/22\/pozegnanie-wakacji-z-biblioteka\/","title":{"rendered":"Po\u017cegnanie wakacji z Bibliotek\u0105!"},"content":{"rendered":"\n<p><img decoding=\"async\" loading=\"lazy\" height=\"16\" width=\"16\" src=\"https:\/\/static.xx.fbcdn.net\/images\/emoji.php\/v9\/t51\/1\/16\/1f449.png\" alt=\"\ud83d\udc49\">&nbsp;30 sierpnia w pi\u0105tek po raz kolejny zapraszamy na skwer przed Miejsk\u0105 Bibliotek\u0105 Publiczn\u0105 w \u0141aziskach G\u00f3rnych.&nbsp;<img decoding=\"async\" loading=\"lazy\" height=\"16\" width=\"16\" src=\"https:\/\/static.xx.fbcdn.net\/images\/emoji.php\/v9\/t49\/1\/16\/1f4da.png\" alt=\"\ud83d\udcda\"><br>Oj b\u0119dzie si\u0119 dzia\u0142o bo chcemy z przytupem po\u017cegna\u0107 wakacje! <img decoding=\"async\" loading=\"lazy\" height=\"16\" width=\"16\" src=\"https:\/\/static.xx.fbcdn.net\/images\/emoji.php\/v9\/t5f\/1\/16\/1f31e.png\" alt=\"\ud83c\udf1e\"><img decoding=\"async\" loading=\"lazy\" height=\"16\" width=\"16\" src=\"https:\/\/static.xx.fbcdn.net\/images\/emoji.php\/v9\/t6b\/1\/16\/1f333.png\" alt=\"\ud83c\udf33\"><img decoding=\"async\" loading=\"lazy\" height=\"16\" width=\"16\" src=\"https:\/\/static.xx.fbcdn.net\/images\/emoji.php\/v9\/tfa\/1\/16\/1f44b.png\" alt=\"\ud83d\udc4b\"><br><img decoding=\"async\" loading=\"lazy\" height=\"16\" width=\"16\" src=\"https:\/\/static.xx.fbcdn.net\/images\/emoji.php\/v9\/t51\/1\/16\/1f449.png\" alt=\"\ud83d\udc49\">&nbsp;Zaczynamy o godzinie 16:00 bajkowym&nbsp;<img decoding=\"async\" loading=\"lazy\" height=\"16\" width=\"16\" src=\"https:\/\/static.xx.fbcdn.net\/images\/emoji.php\/v9\/t66\/1\/16\/1f9d9.png\" alt=\"\ud83e\uddd9\"><img decoding=\"async\" loading=\"lazy\" height=\"16\" width=\"16\" src=\"https:\/\/static.xx.fbcdn.net\/images\/emoji.php\/v9\/tc0\/1\/16\/1f9dc_200d_2642.png\" alt=\"\ud83e\udddc\u200d\u2642\ufe0f\">&nbsp;koncertem dla dzieci &#8211; Ma\u0142gorzaty Szolc i Katarzyny Gembary&nbsp;<img decoding=\"async\" loading=\"lazy\" height=\"16\" width=\"16\" src=\"https:\/\/static.xx.fbcdn.net\/images\/emoji.php\/v9\/t21\/1\/16\/1f3b8.png\" alt=\"\ud83c\udfb8\"><img decoding=\"async\" loading=\"lazy\" height=\"16\" width=\"16\" src=\"https:\/\/static.xx.fbcdn.net\/images\/emoji.php\/v9\/ta2\/1\/16\/1f3b9.png\" alt=\"\ud83c\udfb9\">&nbsp;w ramach cyklu Muzyczne ilustracje!<br><img decoding=\"async\" loading=\"lazy\" height=\"16\" width=\"16\" src=\"https:\/\/static.xx.fbcdn.net\/images\/emoji.php\/v9\/t51\/1\/16\/1f449.png\" alt=\"\ud83d\udc49\">&nbsp;Po koncercie startujemy z warsztatami dla dzieci i m\u0142odzie\u017cy, Pomog\u0105 one radzi\u0107 sobie z emocjami&nbsp;<img decoding=\"async\" loading=\"lazy\" height=\"16\" width=\"16\" src=\"https:\/\/static.xx.fbcdn.net\/images\/emoji.php\/v9\/t66\/1\/16\/1f493.png\" alt=\"\ud83d\udc93\">&nbsp;oraz wska\u017c\u0105 jak zrobi\u0107 sobie co\u015b wzmacniaj\u0105cego do picia, jedynie z naturalnych sk\u0142adnik\u00f3w!&nbsp;<img decoding=\"async\" loading=\"lazy\" height=\"16\" width=\"16\" src=\"https:\/\/static.xx.fbcdn.net\/images\/emoji.php\/v9\/t4f\/1\/16\/1f964.png\" alt=\"\ud83e\udd64\"><img decoding=\"async\" loading=\"lazy\" height=\"16\" width=\"16\" src=\"https:\/\/static.xx.fbcdn.net\/images\/emoji.php\/v9\/t6c\/1\/16\/1f4aa.png\" alt=\"\ud83d\udcaa\"><img decoding=\"async\" loading=\"lazy\" height=\"16\" width=\"16\" src=\"https:\/\/static.xx.fbcdn.net\/images\/emoji.php\/v9\/t35\/1\/16\/1f38b.png\" alt=\"\ud83c\udf8b\"><img decoding=\"async\" loading=\"lazy\" height=\"16\" width=\"16\" src=\"https:\/\/static.xx.fbcdn.net\/images\/emoji.php\/v9\/t9d\/1\/16\/1f33e.png\" alt=\"\ud83c\udf3e\"><br><img decoding=\"async\" loading=\"lazy\" height=\"16\" width=\"16\" src=\"https:\/\/static.xx.fbcdn.net\/images\/emoji.php\/v9\/t51\/1\/16\/1f449.png\" alt=\"\ud83d\udc49\">&nbsp;Oko\u0142o 19:00 zacznie si\u0119 kolejny koncert handpanowo &#8211; wokalnego duetu BRASKA!<img decoding=\"async\" loading=\"lazy\" height=\"16\" width=\"16\" src=\"https:\/\/static.xx.fbcdn.net\/images\/emoji.php\/v9\/t7e\/1\/16\/1f3a4.png\" alt=\"\ud83c\udfa4\"><img decoding=\"async\" loading=\"lazy\" height=\"16\" width=\"16\" src=\"https:\/\/static.xx.fbcdn.net\/images\/emoji.php\/v9\/t58\/1\/16\/1fa98.png\" alt=\"\ud83e\ude98\"><br>W trakcie koncertu dzia\u0142a\u0107 b\u0119dzie animator gier i zabaw dla dzieci!<\/p>\n","protected":false},"excerpt":{"rendered":"<p>&nbsp;30 sierpnia w pi\u0105tek po raz kolejny zapraszamy na skwer przed Miejsk\u0105 Bibliotek\u0105 Publiczn\u0105 w \u0141aziskach G\u00f3rnych.&nbsp;Oj b\u0119dzie si\u0119 dzia\u0142o bo chcemy z przytupem po\u017cegna\u0107<\/p>\n","protected":false},"author":1,"featured_media":6862,"comment_status":"closed","ping_status":"closed","sticky":false,"template":"","format":"standard","meta":{"ngg_post_thumbnail":0},"categories":[2],"tags":[],"_links":{"self":[{"href":"https:\/\/biblioteka.laziska.pl\/index.php\/wp-json\/wp\/v2\/posts\/6861"}],"collection":[{"href":"https:\/\/biblioteka.laziska.pl\/index.php\/wp-json\/wp\/v2\/posts"}],"about":[{"href":"https:\/\/biblioteka.laziska.pl\/index.php\/wp-json\/wp\/v2\/types\/post"}],"author":[{"embeddable":true,"href":"https:\/\/biblioteka.laziska.pl\/index.php\/wp-json\/wp\/v2\/users\/1"}],"replies":[{"embeddable":true,"href":"https:\/\/biblioteka.laziska.pl\/index.php\/wp-json\/wp\/v2\/comments?post=6861"}],"version-history":[{"count":3,"href":"https:\/\/biblioteka.laziska.pl\/index.php\/wp-json\/wp\/v2\/posts\/6861\/revisions"}],"predecessor-version":[{"id":6866,"href":"https:\/\/biblioteka.laziska.pl\/index.php\/wp-json\/wp\/v2\/posts\/6861\/revisions\/6866"}],"wp:featuredmedia":[{"embeddable":true,"href":"https:\/\/biblioteka.laziska.pl\/index.php\/wp-json\/wp\/v2\/media\/6862"}],"wp:attachment":[{"href":"https:\/\/biblioteka.laziska.pl\/index.php\/wp-json\/wp\/v2\/media?parent=6861"}],"wp:term":[{"taxonomy":"category","embeddable":true,"href":"https:\/\/biblioteka.laziska.pl\/index.php\/wp-json\/wp\/v2\/categories?post=6861"},{"taxonomy":"post_tag","embeddable":true,"href":"https:\/\/biblioteka.laziska.pl\/index.php\/wp-json\/wp\/v2\/tags?post=6861"}],"curies":[{"name":"wp","href":"https:\/\/api.w.org\/{rel}","templated":true}]}}