{"id":889,"date":"2021-11-23T13:55:11","date_gmt":"2021-11-23T12:55:11","guid":{"rendered":"http:\/\/biblioteka.laziska.pl\/?p=889"},"modified":"2021-11-29T12:16:58","modified_gmt":"2021-11-29T11:16:58","slug":"kiermasz-swiateczny","status":"publish","type":"post","link":"https:\/\/biblioteka.laziska.pl\/index.php\/2021\/11\/23\/kiermasz-swiateczny\/","title":{"rendered":"Kiermasz \u015awi\u0105teczny"},"content":{"rendered":"\n<figure class=\"wp-block-image size-large is-resized\"><img decoding=\"async\" loading=\"lazy\" src=\"http:\/\/biblioteka.laziska.pl\/wp-content\/uploads\/2021\/11\/Kiermasz-Swiateczny-724x1024.png\" alt=\"Kiermasz \u015awi\u0105teczny. Zapraszamy od 25.11 do 6.12 w godzinach pracy Biblioteki\" class=\"wp-image-890\" width=\"543\" height=\"768\" title=\"Kiermasz \u015awi\u0105teczny. Zapraszamy od 25.11 do 6.12 w godzinach pracy Biblioteki\" srcset=\"https:\/\/biblioteka.laziska.pl\/wp-content\/uploads\/2021\/11\/Kiermasz-Swiateczny-724x1024.png 724w, https:\/\/biblioteka.laziska.pl\/wp-content\/uploads\/2021\/11\/Kiermasz-Swiateczny-212x300.png 212w, https:\/\/biblioteka.laziska.pl\/wp-content\/uploads\/2021\/11\/Kiermasz-Swiateczny-768x1086.png 768w, https:\/\/biblioteka.laziska.pl\/wp-content\/uploads\/2021\/11\/Kiermasz-Swiateczny-1086x1536.png 1086w, https:\/\/biblioteka.laziska.pl\/wp-content\/uploads\/2021\/11\/Kiermasz-Swiateczny-1448x2048.png 1448w, https:\/\/biblioteka.laziska.pl\/wp-content\/uploads\/2021\/11\/Kiermasz-Swiateczny.png 1587w\" sizes=\"(max-width: 543px) 100vw, 543px\" \/><\/figure>\n\n\n\n<p>Zapraszamy na Kiermasz \u015awi\u0105teczny!<\/p>\n\n\n\n<p>Stoisko ze \u015bwi\u0105tecznymi pami\u0105tkami czynne b\u0119dzie<strong> od 25 listopada do 6 grudnia w godzinach pracy Biblioteki<\/strong>.<\/p>\n\n\n\n<p><strong>Dodatkowe atrakcje:<\/strong><br>25.11 &#8211; w Dniu Pluszowego Misia w godz. od 16.00-18.00 odb\u0119dzie si\u0119 profesjonalna sesja zdj\u0119ciowa z misiami, gdzie za symboliczne 15 z\u0142 b\u0119dzie mo\u017cna wykona\u0107 cudne zdj\u0119cie wykonane przez &#8222;Kasia Tomczyk Fotografia&#8221;<br>6.12 &#8211; profesjonalna sesja zdj\u0119ciowa w klimacie \u015bwi\u0105tecznym (r\u00f3wnie\u017c za 15 z\u0142)<\/p>\n","protected":false},"excerpt":{"rendered":"<p>Zapraszamy na Kiermasz \u015awi\u0105teczny &#8211; od 25 listopada do 6 grudnia, w godzinach pracy Biblioteki<\/p>\n","protected":false},"author":3,"featured_media":890,"comment_status":"closed","ping_status":"","sticky":false,"template":"","format":"standard","meta":{"ngg_post_thumbnail":0},"categories":[2],"tags":[],"_links":{"self":[{"href":"https:\/\/biblioteka.laziska.pl\/index.php\/wp-json\/wp\/v2\/posts\/889"}],"collection":[{"href":"https:\/\/biblioteka.laziska.pl\/index.php\/wp-json\/wp\/v2\/posts"}],"about":[{"href":"https:\/\/biblioteka.laziska.pl\/index.php\/wp-json\/wp\/v2\/types\/post"}],"author":[{"embeddable":true,"href":"https:\/\/biblioteka.laziska.pl\/index.php\/wp-json\/wp\/v2\/users\/3"}],"replies":[{"embeddable":true,"href":"https:\/\/biblioteka.laziska.pl\/index.php\/wp-json\/wp\/v2\/comments?post=889"}],"version-history":[{"count":4,"href":"https:\/\/biblioteka.laziska.pl\/index.php\/wp-json\/wp\/v2\/posts\/889\/revisions"}],"predecessor-version":[{"id":971,"href":"https:\/\/biblioteka.laziska.pl\/index.php\/wp-json\/wp\/v2\/posts\/889\/revisions\/971"}],"wp:featuredmedia":[{"embeddable":true,"href":"https:\/\/biblioteka.laziska.pl\/index.php\/wp-json\/wp\/v2\/media\/890"}],"wp:attachment":[{"href":"https:\/\/biblioteka.laziska.pl\/index.php\/wp-json\/wp\/v2\/media?parent=889"}],"wp:term":[{"taxonomy":"category","embeddable":true,"href":"https:\/\/biblioteka.laziska.pl\/index.php\/wp-json\/wp\/v2\/categories?post=889"},{"taxonomy":"post_tag","embeddable":true,"href":"https:\/\/biblioteka.laziska.pl\/index.php\/wp-json\/wp\/v2\/tags?post=889"}],"curies":[{"name":"wp","href":"https:\/\/api.w.org\/{rel}","templated":true}]}}